{"id":386,"date":"2025-01-08T14:48:29","date_gmt":"2025-01-08T13:48:29","guid":{"rendered":"https:\/\/www.f1rtd.com\/?p=386"},"modified":"2026-01-02T21:56:46","modified_gmt":"2026-01-02T20:56:46","slug":"f1rtd-tower","status":"publish","type":"post","link":"https:\/\/www.f1rtd.com\/index.php\/2025\/01\/08\/f1rtd-tower\/","title":{"rendered":"F1RTD Tower"},"content":{"rendered":"<div class=\"wp-block-image\">\n<figure class=\"alignleft size-full is-resized\"><img loading=\"lazy\" decoding=\"async\" width=\"100\" height=\"150\" src=\"https:\/\/www.f1rtd.com\/wp-content\/uploads\/2025\/01\/icotower.png\" alt=\"\" class=\"wp-image-429\" style=\"width:113px;height:auto\"\/><\/figure>\n<\/div>\n\n\n<p>Update 11\/10\/2025<\/p>\n\n\n\n<p>Quand j\u2019\u00e9tais petit, je r\u00eavais d\u2019avoir un grand pyl\u00f4ne pour y installer de belles antennes. Aujourd\u2019hui, je suis devenu grand et suffisamment sage pour me contenter d\u2019un petit pyl\u00f4ne&nbsp;\ud83d\ude0a. Bien que banal, cette petite histoire est surtout l\u00e0 pour remercier tous les copains qui ont donn\u00e9s un petit (ou \u00e9norme) coup de main et sans qui, tout cela n&rsquo;aurait peut \u00eatre pas exist\u00e9 &#8230;<\/p>\n\n\n\n<!--more-->\n\n\n\n<h2 class=\"wp-block-heading\">Le choix du pyl\u00f4ne:<\/h2>\n\n\n<div class=\"wp-block-image\">\n<figure class=\"alignleft size-full is-resized\"><a href=\"https:\/\/f5phk.e-monsite.com\/album-photos\/construction-du-pylone\/\" target=\"_blank\" rel=\"Pylone HA5PHK noreferrer noopener\"><img loading=\"lazy\" decoding=\"async\" width=\"226\" height=\"300\" src=\"https:\/\/www.f1rtd.com\/wp-content\/uploads\/2025\/01\/model_ha5phk.jpg\" alt=\"\" class=\"wp-image-387\" style=\"width:96px;height:auto\"\/><\/a><\/figure>\n<\/div>\n\n\n<p>Au d\u00e9part, C&rsquo;est Patrick HA5PHK (F5PHK) qui m&rsquo;avait motiv\u00e9 et donn\u00e9 l&rsquo;id\u00e9e de construire moi-m\u00eame mon pyl\u00f4ne en suivant le mod\u00e8le qu&rsquo;il avait entrepris avec l&rsquo;assistance indispensable de son \u00e9pouse F1IQU. Le lien de l&rsquo;image renvoi vers son site sur la page d\u00e9di\u00e9e \u00e0 sa construction. Vous pouvez aussi visiter ses autres pages, notamment celles qui font r\u00e9f\u00e9rence \u00e0 la construction de magiques boites d&rsquo;accord du genre &lsquo;mouse&rsquo;. Au final, une opportunit\u00e9 \u00e0 fait que ce n&rsquo;est pas la solution que j&rsquo;ai retenu. <\/p>\n\n\n\n<p><\/p>\n\n\n\n<h2 class=\"wp-block-heading\">Le Versatower t\u00e9lescopique basculant 3x6m<\/h2>\n\n\n<div class=\"wp-block-image\">\n<figure class=\"alignright size-full is-resized\"><a href=\"https:\/\/www.f1rtd.com\/wp-content\/uploads\/2025\/01\/versatower_3x6_500.jpg\"><img loading=\"lazy\" decoding=\"async\" width=\"375\" height=\"500\" src=\"https:\/\/www.f1rtd.com\/wp-content\/uploads\/2025\/01\/versatower_3x6_500.jpg\" alt=\"\" class=\"wp-image-389\" style=\"width:201px;height:auto\" srcset=\"https:\/\/www.f1rtd.com\/wp-content\/uploads\/2025\/01\/versatower_3x6_500.jpg 375w, https:\/\/www.f1rtd.com\/wp-content\/uploads\/2025\/01\/versatower_3x6_500-225x300.jpg 225w\" sizes=\"auto, (max-width: 375px) 100vw, 375px\" \/><\/a><\/figure>\n<\/div>\n\n\n<p class=\"has-text-align-left\">Entre temps, je scrutais  les sites de vente sp\u00e9cialis\u00e9s pour les radioamateurs, au cas o\u00f9 \u2026 et je suis tomb\u00e9 sur une annonce de Alain (5R8AL \/ F6ACT), qui vendait un Versatower 18m basculant pour un prix plus que raisonnable (bien moins cher que ce que m\u2019aurait cout\u00e9 l\u2019acier d\u2019une construction perso). Le seul HIC, c\u2019est qu\u2019il fallait aller le d\u00e9monter et le rapatrier. Rien de bien compliqu\u00e9 si ce n\u2019est que le truc \u00e9tait plant\u00e9 dans la campagne aux pieds des Pyr\u00e9n\u00e9es, soit \u00e0 pr\u00e8s de 900 Km de chez moi, et bien que d\u00e9vou\u00e9 pour donner un coup de main, \u00e0 plus de 80 ans, Alain ne pouvait pas s&rsquo;en occuper. Comme j&rsquo;avais pr\u00e9vu de passer quelques jours dans cette r\u00e9gion pour mes vacances, j&rsquo;en avait profit\u00e9 pour aller rencontrer Alain et voir ce pyl\u00f4ne de pr\u00e8s. Le truc \u00e9tait parfaitement fonctionnel et en relativement bon \u00e9tat \u00e0 l&rsquo;exception de la platine de pied qui ne me plaisait pas trop m\u00eame si cela semblait robuste. Par contre, cot\u00e9 accessibilit\u00e9 pour le d\u00e9montage, je dirais que s&rsquo;il avait \u00e9t\u00e9 plant\u00e9 sur la lune cela aurait sans doute \u00e9t\u00e9 plus facile &#8230;<\/p>\n\n\n\n<p><\/p>\n\n\n\n<h2 class=\"wp-block-heading\">D\u00e9montage et rapatriement<\/h2>\n\n\n\n<p>L&rsquo;homme de la situation fut bien sur mon ami Jean Jacques &lsquo;Jack&rsquo; habitant \u00e0 quelques 50 km du pyl\u00f4ne. Quelques jours plus tard, avec l&rsquo;aide de Alain et d&rsquo;un de ses acolytes, il proc\u00e9dait au d\u00e9montage et gambergeait pour trouver une solution de rapatriement.<\/p>\n\n\n\n<figure class=\"wp-block-image size-full\"><a href=\"https:\/\/www.f1rtd.com\/wp-content\/uploads\/2025\/01\/demontage.jpg\"><img loading=\"lazy\" decoding=\"async\" width=\"954\" height=\"586\" src=\"https:\/\/www.f1rtd.com\/wp-content\/uploads\/2025\/01\/demontage.jpg\" alt=\"\" class=\"wp-image-392\" srcset=\"https:\/\/www.f1rtd.com\/wp-content\/uploads\/2025\/01\/demontage.jpg 954w, https:\/\/www.f1rtd.com\/wp-content\/uploads\/2025\/01\/demontage-300x184.jpg 300w, https:\/\/www.f1rtd.com\/wp-content\/uploads\/2025\/01\/demontage-768x472.jpg 768w\" sizes=\"auto, (max-width: 954px) 100vw, 954px\" \/><\/a><\/figure>\n\n\n\n<p>Apr\u00e8s quelques recherches, il avait jug\u00e9 que les tarifs des transporteurs \u00e9taient trop \u00e9lev\u00e9s et avait pris la d\u00e9cision de faire l\u2019aller\/retour (soit 1800 km) avec une camionnette et une remorque pour me livrer en personne. Il est comme ca Jack, il a un petit cot\u00e9 super h\u00e9ros qui ne recule devant rien \ud83e\uddb9.<\/p>\n\n\n\n<figure class=\"wp-block-image size-full\"><a href=\"https:\/\/www.f1rtd.com\/wp-content\/uploads\/2025\/01\/rapatriement.jpg\"><img loading=\"lazy\" decoding=\"async\" width=\"1024\" height=\"476\" src=\"https:\/\/www.f1rtd.com\/wp-content\/uploads\/2025\/01\/rapatriement.jpg\" alt=\"\" class=\"wp-image-393\" srcset=\"https:\/\/www.f1rtd.com\/wp-content\/uploads\/2025\/01\/rapatriement.jpg 1024w, https:\/\/www.f1rtd.com\/wp-content\/uploads\/2025\/01\/rapatriement-300x139.jpg 300w, https:\/\/www.f1rtd.com\/wp-content\/uploads\/2025\/01\/rapatriement-768x357.jpg 768w\" sizes=\"auto, (max-width: 1024px) 100vw, 1024px\" \/><\/a><\/figure>\n\n\n\n<p><\/p>\n\n\n\n<h2 class=\"wp-block-heading\">Modification du pied <\/h2>\n\n\n\n<p>Bien qu&rsquo;en acier de 20mm, la platine et ses goussets n&rsquo;avaient pas tr\u00e8s belle allure. J&rsquo;avais donc d\u00e9cid\u00e9 de tronconner et reconstruire l&#8217;embase d&rsquo;apr\u00e8s <a href=\"https:\/\/www.qsl.net\/gm3woj\/bpdimensions.htm\">des cotes trouv\u00e9es sur le net<\/a>. J&rsquo;avais ensuite dessin\u00e9 et fait d\u00e9couper de nouvelles pi\u00e8ces dans de la tole de 12 mm. Pour cela, je m&rsquo;\u00e9tais tourn\u00e9 vers mes copains de la soci\u00e9t\u00e9 Ravoyard SA (entreprise de charpente m\u00e9tallique dans le Jura). Pour le scellement, plut\u00f4t que de faire une chaise, j&rsquo;avais fait le choix d&rsquo;une platine similaire \u00e0 ce que l&rsquo;on fait pour les pieds de poteau de b\u00e2timent, soit platine de pr\u00e9 scellement dot\u00e9e d&rsquo;une b\u00e8che soud\u00e9 et 4 crosses en 24mm de diam\u00e8tre .<\/p>\n\n\n\n<figure class=\"wp-block-image size-full\"><a href=\"https:\/\/www.f1rtd.com\/wp-content\/uploads\/2025\/01\/pied_1-1.jpg\"><img loading=\"lazy\" decoding=\"async\" width=\"1024\" height=\"412\" src=\"https:\/\/www.f1rtd.com\/wp-content\/uploads\/2025\/01\/pied_1-1.jpg\" alt=\"\" class=\"wp-image-395\" srcset=\"https:\/\/www.f1rtd.com\/wp-content\/uploads\/2025\/01\/pied_1-1.jpg 1024w, https:\/\/www.f1rtd.com\/wp-content\/uploads\/2025\/01\/pied_1-1-300x121.jpg 300w, https:\/\/www.f1rtd.com\/wp-content\/uploads\/2025\/01\/pied_1-1-768x309.jpg 768w\" sizes=\"auto, (max-width: 1024px) 100vw, 1024px\" \/><\/a><\/figure>\n\n\n\n<p><\/p>\n\n\n\n<h2 class=\"wp-block-heading\">Le scellement<\/h2>\n\n\n\n<p>Qui dit scellement dit trou et b\u00e9ton et pour ca, mon copain Jean Pierre et sa mini-pelle \u00e9taient ce qu&rsquo;il me fallait. Comme j&rsquo;avais un terrassement et une dalle \u00e0 faire, c&rsquo;\u00e9tait l&rsquo;occasion pour planter un d\u00e9 de b\u00e9ton en m\u00eame temps. Le trou fait 140x140x140 cm (soit 2.7 m3 de b\u00e9ton). La platine \u00e9tait suspendue par des tiges filet\u00e9es qui ont permis le r\u00e9glage des niveaux avant le coulage. Une cage treillis avait \u00e9t\u00e9 d\u00e9pos\u00e9e autour des crosses ainsi qu&rsquo;un piquet de terre enfonc\u00e9 au fond du trou.<\/p>\n\n\n\n<figure class=\"wp-block-image size-full\"><a href=\"https:\/\/www.f1rtd.com\/wp-content\/uploads\/2025\/01\/scellement.jpg\"><img loading=\"lazy\" decoding=\"async\" width=\"1024\" height=\"436\" src=\"https:\/\/www.f1rtd.com\/wp-content\/uploads\/2025\/01\/scellement.jpg\" alt=\"\" class=\"wp-image-397\" srcset=\"https:\/\/www.f1rtd.com\/wp-content\/uploads\/2025\/01\/scellement.jpg 1024w, https:\/\/www.f1rtd.com\/wp-content\/uploads\/2025\/01\/scellement-300x128.jpg 300w, https:\/\/www.f1rtd.com\/wp-content\/uploads\/2025\/01\/scellement-768x327.jpg 768w\" sizes=\"auto, (max-width: 1024px) 100vw, 1024px\" \/><\/a><\/figure>\n\n\n\n<p><\/p>\n\n\n\n<h2 class=\"wp-block-heading\">Assemblage du pied <\/h2>\n\n\n\n<p>Une fois les pi\u00e8ces re\u00e7ues (une platine et 4 goussets), il fallait souder tout \u00e7a conform\u00e9ment au plan et Gilles (F1UNR) c&rsquo;\u00e9tait propos\u00e9 pour \u00eatre \u00e0 la baguette. Gilles n&rsquo;est pas un simple soudeur, c&rsquo;est un expert en m\u00e9thode de soudage. Il m&rsquo;avait garanti qu&rsquo;avec un simple poste \u00e0 souder portable et les bonnes baguettes (mais aussi son savoir faire), on pouvait faire l&rsquo;assemblage directement sur place et ainsi avoir la certitude d&rsquo;un bon aplomb et une bonne maitrise de la d\u00e9formation des pi\u00e8ces. Apres une petite matin\u00e9e de boulot, le truc etait soud\u00e9 de chez soud\u00e9.<\/p>\n\n\n\n<figure class=\"wp-block-image size-full\"><a href=\"https:\/\/www.f1rtd.com\/wp-content\/uploads\/2025\/01\/Soudage.jpg\"><img loading=\"lazy\" decoding=\"async\" width=\"1024\" height=\"471\" src=\"https:\/\/www.f1rtd.com\/wp-content\/uploads\/2025\/01\/Soudage.jpg\" alt=\"\" class=\"wp-image-398\" srcset=\"https:\/\/www.f1rtd.com\/wp-content\/uploads\/2025\/01\/Soudage.jpg 1024w, https:\/\/www.f1rtd.com\/wp-content\/uploads\/2025\/01\/Soudage-300x138.jpg 300w, https:\/\/www.f1rtd.com\/wp-content\/uploads\/2025\/01\/Soudage-768x353.jpg 768w\" sizes=\"auto, (max-width: 1024px) 100vw, 1024px\" \/><\/a><\/figure>\n\n\n\n<p>Mon pote Jean Philippe &lsquo;Max&rsquo; m&rsquo;avait fil\u00e9 de la peinture blanche que l&rsquo;on utilise pour les marquages routier au sol et parfaite pour peindre le socle. Quand au pied, il \u00e9tait repass\u00e9 par les mains des copains de la soci\u00e9t\u00e9 Ravoyard SA pour subir une galvanisation \u00e0 chaud.<\/p>\n\n\n<div class=\"wp-block-image\">\n<figure class=\"aligncenter size-full\"><a href=\"https:\/\/www.f1rtd.com\/wp-content\/uploads\/2025\/01\/pieds_galva.jpg\"><img loading=\"lazy\" decoding=\"async\" width=\"300\" height=\"400\" src=\"https:\/\/www.f1rtd.com\/wp-content\/uploads\/2025\/01\/pieds_galva.jpg\" alt=\"\" class=\"wp-image-399\" srcset=\"https:\/\/www.f1rtd.com\/wp-content\/uploads\/2025\/01\/pieds_galva.jpg 300w, https:\/\/www.f1rtd.com\/wp-content\/uploads\/2025\/01\/pieds_galva-225x300.jpg 225w\" sizes=\"auto, (max-width: 300px) 100vw, 300px\" \/><\/a><\/figure>\n<\/div>\n\n\n<h2 class=\"wp-block-heading\">Assemblage du Pylone (25\/01\/2025)<\/h2>\n\n\n\n<p>Ce matin un petit rayon de soleil \u00e0 fait son apparition et je me suis dit <em>\u00ab\u00a0En voila une belle journ\u00e9e pour finir d&rsquo;assembler mon pyl\u00f4ne \ud83d\ude0a\u00a0\u00bb<\/em>. Le pied \u00e9tant d\u00e9j\u00e0 en place avec l&rsquo;\u00e9l\u00e9ment du bas, j&rsquo;ai mont\u00e9 et c\u00e2bl\u00e9 le treuil de basculement. Ca bascule bien, l&rsquo;effort sur la manivelle est acceptable et le syst\u00e8me de freinage, bien qu&rsquo;archa\u00efque, donne un sentiment plut\u00f4t s\u00e9curisant pendant la man\u0153uvre (sans doute aussi dut au fait que quand on est \u00e0 la manivelle on est pas sous le pyl\u00f4ne \ud83d\ude01). Ensuite je me suis coltin\u00e9 l&#8217;emboitage des 2 \u00e9l\u00e9ments int\u00e9rieurs et croyez moi ou pas, mais m\u00eame pour un balaise comme moi (&#8230;) \u00e7a n&rsquo;a pas \u00e9t\u00e9 du g\u00e2teau. Pour finir, j&rsquo;ai remont\u00e9 toutes les poulies et pass\u00e9 les c\u00e2bles. Entre temps, le soleil avait disparu laissant place \u00e0 de mena\u00e7ants nuages, ce qui signifiait pour moi \u00ab\u00a0<em>restons en l\u00e0 pour aujourd&rsquo;hui<\/em>\u00ab\u00a0. Prochaine \u00e9tape, la motorisation de l&rsquo;\u00e9l\u00e9vation. J&rsquo;ai d\u00e9j\u00e0 un \u0153il sur un treuil 220v de 1500w (500\/1000 Kg) mais je vais quand m\u00eame faire un plan de support avant de le commander.<\/p>\n\n\n\n<figure class=\"wp-block-image size-full is-resized\"><a href=\"https:\/\/www.f1rtd.com\/wp-content\/uploads\/2025\/01\/20250125_F1RTD_Tower2.jpg\"><img loading=\"lazy\" decoding=\"async\" width=\"600\" height=\"800\" src=\"https:\/\/www.f1rtd.com\/wp-content\/uploads\/2025\/01\/20250125_F1RTD_Tower2.jpg\" alt=\"\" class=\"wp-image-420\" style=\"width:670px;height:auto\" srcset=\"https:\/\/www.f1rtd.com\/wp-content\/uploads\/2025\/01\/20250125_F1RTD_Tower2.jpg 600w, https:\/\/www.f1rtd.com\/wp-content\/uploads\/2025\/01\/20250125_F1RTD_Tower2-225x300.jpg 225w\" sizes=\"auto, (max-width: 600px) 100vw, 600px\" \/><\/a><\/figure>\n\n\n\n<p><strong><em>Update 19\/09\/2025<\/em><\/strong><\/p>\n\n\n\n<p>Il est largement temps de mettre \u00e0 jour cette aventure qui a bien progress\u00e9e depuis le mois de janvier.<\/p>\n\n\n\n<p>Pour le rotor je tenais \u00e0 rester dans le standard et faire comme tout le monde et j\u2019ai donc choisi un Yaesu G-1000DXC. Il y a fallu pour cela modifier la cage de rotor qui n\u2019\u00e9tait pas pr\u00e9vu pour \u00e7a. Donc per\u00e7age pour la fixation du rotor et modification du sommet pour y monter un roulement Yaesu G-065. Je me suis servi de petits gabarits en carton trac\u00e9s au compas pour l\u2019emplacement des trous et pour finir, j\u2019ai recouvert la pi\u00e8ce d\u2019une belle peinture \u00e9poxy de couleur rouge (Restom EAF 2092 RAL 3020).<\/p>\n\n\n\n<figure class=\"wp-block-image size-full is-resized\"><img loading=\"lazy\" decoding=\"async\" width=\"600\" height=\"800\" src=\"https:\/\/www.f1rtd.com\/wp-content\/uploads\/2025\/01\/pylone_head.png\" alt=\"\" class=\"wp-image-491\" style=\"width:665px;height:auto\" srcset=\"https:\/\/www.f1rtd.com\/wp-content\/uploads\/2025\/01\/pylone_head.png 600w, https:\/\/www.f1rtd.com\/wp-content\/uploads\/2025\/01\/pylone_head-225x300.png 225w\" sizes=\"auto, (max-width: 600px) 100vw, 600px\" \/><\/figure>\n\n\n\n<p><\/p>\n\n\n\n<p>J\u2019ai gard\u00e9 un des treuils Tilton d\u2019origine que j\u2019ai restaur\u00e9 pour la bascule et j\u2019ai motoris\u00e9 la mont\u00e9\/descente. Pour cela, j\u2019ai adapt\u00e9 un treuil \u00e9lectrique pouvant accepter une charge jusqu\u2019\u00e0 1T avec renvois de poulie (G\u00fcde G01709). J\u2019ai supprim\u00e9 la pi\u00e8ce support pour visser directement le treuil sur le pyl\u00f4ne et j\u2019ai fabriqu\u00e9 un palier \u00e0 roulement lui aussi viss\u00e9 sur le pyl\u00f4ne. J\u2019ai profit\u00e9 de l\u2019occasion pour remplacer les c\u00e2bles d\u2019origine qui commen\u00e7aient \u00e0 s\u2019effilocher par endroit.<\/p>\n\n\n\n<figure class=\"wp-block-image size-full is-resized\"><img loading=\"lazy\" decoding=\"async\" width=\"600\" height=\"497\" src=\"https:\/\/www.f1rtd.com\/wp-content\/uploads\/2025\/01\/treuil.png\" alt=\"\" class=\"wp-image-493\" style=\"width:670px;height:auto\" srcset=\"https:\/\/www.f1rtd.com\/wp-content\/uploads\/2025\/01\/treuil.png 600w, https:\/\/www.f1rtd.com\/wp-content\/uploads\/2025\/01\/treuil-300x249.png 300w\" sizes=\"auto, (max-width: 600px) 100vw, 600px\" \/><\/figure>\n\n\n\n<p>L\u2019antenne est une Fritzel FB53 (Yagi 5 \u00e9l\u00e9ments 20\/15 et 10m) \u00e9quip\u00e9e de trappes 50mm sur le dip\u00f4le. Le montage \u00e0 bien \u00e9t\u00e9 facilit\u00e9 par le basculement du pyl\u00f4ne. Le balun est un 1\/1 5Kw de fabrication F4EOH que j\u2019ai \u2018clipp\u00e9\u2019 sur le boom avec des supports de tube PVC 50mm.<\/p>\n\n\n\n<p><\/p>\n\n\n\n<figure class=\"wp-block-image size-full is-resized\"><img loading=\"lazy\" decoding=\"async\" width=\"600\" height=\"800\" src=\"https:\/\/www.f1rtd.com\/wp-content\/uploads\/2025\/01\/balun.jpg\" alt=\"\" class=\"wp-image-494\" style=\"width:670px;height:auto\" srcset=\"https:\/\/www.f1rtd.com\/wp-content\/uploads\/2025\/01\/balun.jpg 600w, https:\/\/www.f1rtd.com\/wp-content\/uploads\/2025\/01\/balun-225x300.jpg 225w\" sizes=\"auto, (max-width: 600px) 100vw, 600px\" \/><\/figure>\n\n\n\n<p>Voila donc mon pyl\u00f4ne pleinement op\u00e9rationnel. Ca monte, ca descend, ca tourne et c&rsquo;est beau comme une fleur qui vient d&rsquo;\u00e9clore <em>\ud83d\ude0a<\/em>. Des am\u00e9liorations sont pr\u00e9vues. En premier lieu, optimiser le passage des c\u00e2bles pour qu\u2019ils ne s\u2019emm\u00ealent pas quand je redescends le pyl\u00f4ne. Ensuite, j\u2019envisage de d\u00e9placer les commandes mont\u00e9\/descente dans le shack. Par la suite, je remplacerais sans doute l\u2019antenne par un 6 bandes HF et en ajouterais d\u2019autre pour les bandes VHF et UHF.<\/p>\n\n\n\n<figure class=\"wp-block-image size-full is-resized\"><img loading=\"lazy\" decoding=\"async\" width=\"600\" height=\"800\" src=\"https:\/\/www.f1rtd.com\/wp-content\/uploads\/2025\/01\/antenne.jpg\" alt=\"\" class=\"wp-image-495\" style=\"width:670px;height:auto\" srcset=\"https:\/\/www.f1rtd.com\/wp-content\/uploads\/2025\/01\/antenne.jpg 600w, https:\/\/www.f1rtd.com\/wp-content\/uploads\/2025\/01\/antenne-225x300.jpg 225w\" sizes=\"auto, (max-width: 600px) 100vw, 600px\" \/><\/figure>\n\n\n\n<p>Les plus attentifs ont sans doute remarqu\u00e9s qu&rsquo;une construction avait pouss\u00e9e au pied du pylone (Il pousse quand meme de dr\u00f4les de trucs par chez moi). Sur la photo, c&rsquo;est encore en travaux, mais c&rsquo;est tout simplement destin\u00e9 \u00e0 etre le shack qui va avec l&rsquo;antenne. Tant qu&rsquo;a faire  &#8230;<\/p>\n\n\n\n<h2 class=\"wp-block-heading\"><em>remplacement de l&rsquo;antenne (11\/10\/2025)<\/em><\/h2>\n\n\n\n<p>La Fritzel FB53 est vraiment une tr\u00e8s bonne antenne mais seulement pour le 10,15 et 20 m, alors je l\u2019ai remplac\u00e9 par une Mosley TA-63n. Cot\u00e9 gain, cela se tient \u00e0 un poil de cul de Db pr\u00e8s. L\u00e0 ou la TA-63n p\u00e8che un peu en comparaison, c\u2019est sur le rapport avant\/arri\u00e8re, surtout sur le 40m mais en contrepartie, j\u2019ai maintenant le 12, 17 et 6m en plus. Autre avantage, le Boom de la TA-63n ne fais que 4.5m soit bien plus court que celui de la FB53 (7.5m), ce qui m\u2019\u00e9vite le haubanage du boom ce qui va me permetre de monter d\u2019autres antennes au-dessus.<\/p>\n\n\n\n<figure class=\"wp-block-image size-full\"><img loading=\"lazy\" decoding=\"async\" width=\"800\" height=\"845\" src=\"https:\/\/www.f1rtd.com\/wp-content\/uploads\/2025\/01\/ta63n800843.png\" alt=\"\" class=\"wp-image-506\" srcset=\"https:\/\/www.f1rtd.com\/wp-content\/uploads\/2025\/01\/ta63n800843.png 800w, https:\/\/www.f1rtd.com\/wp-content\/uploads\/2025\/01\/ta63n800843-284x300.png 284w, https:\/\/www.f1rtd.com\/wp-content\/uploads\/2025\/01\/ta63n800843-768x811.png 768w\" sizes=\"auto, (max-width: 800px) 100vw, 800px\" \/><\/figure>\n<div class=\"pdfprnt-buttons pdfprnt-buttons-post pdfprnt-bottom-right\"><a href=\"https:\/\/www.f1rtd.com\/index.php\/wp-json\/wp\/v2\/posts\/386?print=print\" class=\"pdfprnt-button pdfprnt-button-print\" target=\"_blank\" ><img decoding=\"async\" src=\"https:\/\/www.f1rtd.com\/wp-content\/plugins\/pdf-print\/images\/print.png\" alt=\"image_print\" title=\"Contenu imprim\u00e9\" \/><\/a><\/div>","protected":false},"excerpt":{"rendered":"<p>Update 11\/10\/2025 Quand j\u2019\u00e9tais petit, je r\u00eavais d\u2019avoir un grand pyl\u00f4ne pour y installer de belles antennes. Aujourd\u2019hui, je suis devenu grand et suffisamment sage pour me contenter d\u2019un petit pyl\u00f4ne&nbsp;\ud83d\ude0a. Bien que banal, cette petite histoire est surtout l\u00e0 &hellip; <a href=\"https:\/\/www.f1rtd.com\/index.php\/2025\/01\/08\/f1rtd-tower\/\">Continuer la lecture <span class=\"meta-nav\">&rarr;<\/span><\/a><\/p>\n","protected":false},"author":1,"featured_media":0,"comment_status":"closed","ping_status":"open","sticky":false,"template":"","format":"standard","meta":{"_themeisle_gutenberg_block_has_review":false,"footnotes":""},"categories":[4],"tags":[],"class_list":["post-386","post","type-post","status-publish","format-standard","hentry","category-activite-radio"],"_links":{"self":[{"href":"https:\/\/www.f1rtd.com\/index.php\/wp-json\/wp\/v2\/posts\/386","targetHints":{"allow":["GET"]}}],"collection":[{"href":"https:\/\/www.f1rtd.com\/index.php\/wp-json\/wp\/v2\/posts"}],"about":[{"href":"https:\/\/www.f1rtd.com\/index.php\/wp-json\/wp\/v2\/types\/post"}],"author":[{"embeddable":true,"href":"https:\/\/www.f1rtd.com\/index.php\/wp-json\/wp\/v2\/users\/1"}],"replies":[{"embeddable":true,"href":"https:\/\/www.f1rtd.com\/index.php\/wp-json\/wp\/v2\/comments?post=386"}],"version-history":[{"count":35,"href":"https:\/\/www.f1rtd.com\/index.php\/wp-json\/wp\/v2\/posts\/386\/revisions"}],"predecessor-version":[{"id":507,"href":"https:\/\/www.f1rtd.com\/index.php\/wp-json\/wp\/v2\/posts\/386\/revisions\/507"}],"wp:attachment":[{"href":"https:\/\/www.f1rtd.com\/index.php\/wp-json\/wp\/v2\/media?parent=386"}],"wp:term":[{"taxonomy":"category","embeddable":true,"href":"https:\/\/www.f1rtd.com\/index.php\/wp-json\/wp\/v2\/categories?post=386"},{"taxonomy":"post_tag","embeddable":true,"href":"https:\/\/www.f1rtd.com\/index.php\/wp-json\/wp\/v2\/tags?post=386"}],"curies":[{"name":"wp","href":"https:\/\/api.w.org\/{rel}","templated":true}]}}